{"id":8921,"date":"2021-06-04T10:02:54","date_gmt":"2021-06-04T09:02:54","guid":{"rendered":"https:\/\/www.springclassic.cz\/?p=8921"},"modified":"2021-06-04T10:02:55","modified_gmt":"2021-06-04T09:02:55","slug":"veteranske-skvosty-projedou-ceskou-kanadou-a-okolim","status":"publish","type":"post","link":"https:\/\/www.springclassic.cz\/de\/2021\/06\/04\/veteranske-skvosty-projedou-ceskou-kanadou-a-okolim\/","title":{"rendered":"Veter\u00e1nsk\u00e9 skvosty projedou \u010ceskou Kanadou a okol\u00edm"},"content":{"rendered":"\n<p>Milovn\u00edci klasick\u00fdch voz\u016f si p\u0159ijdou na sv\u00e9 v&nbsp;sobotu 5. \u010dervna. Do malebn\u00fdch lokalit na \u00fazem\u00ed mezi Jind\u0159ichov\u00fdm Hradcem, Pelh\u0159imovem a Tel\u010d\u00ed zav\u00edtaj\u00ed stroje, kter\u00e9 psaly automobilovou historii. Druh\u00fd ro\u010dn\u00edk Spring Classic sem zavede zhruba 90 pos\u00e1dek.<\/p>\n\n\n\n<p>Na 235 kilometr\u016f dlouhou trasu za\u010dnou veter\u00e1ny vyr\u00e1\u017eet z&nbsp;centra Jind\u0159ichova Hradce v 10 hodin. Jakmile opust\u00ed n\u00e1m\u011bst\u00ed M\u00edru, \u010dek\u00e1 je cesta do Str\u00e1\u017ee nad Ne\u017e\u00e1rkou, Nov\u00e9 Byst\u0159ice, Strmilova, \u017dirovnice a Kamenice nad Lipou. Po ob\u011bd\u011b se \u00fa\u010dastn\u00edci p\u0159es Po\u010d\u00e1tky, Horn\u00ed Cerekev, centrum Tel\u010de, Da\u010dice a Slavonice vr\u00e1t\u00ed zp\u00e1tky do \u010cesk\u00e9 Kanady. C\u00edl sout\u011b\u017ee je op\u011bt na jind\u0159ichohradeck\u00e9m n\u00e1m\u011bst\u00ed, kam klenoty na \u010dty\u0159ech kolech p\u0159ijedou p\u0159ed 17. hodinou.<\/p>\n\n\n\n<p>Nabit\u00e9 startovn\u00ed pole slibuje skv\u011blou pod\u00edvanou, v\u017edy\u0165 pr\u016fm\u011brn\u00fd rok v\u00fdroby v\u0161ech p\u0159ihl\u00e1\u0161en\u00fdch vozidel se zastavil na hodnot\u011b 1974. Div\u00e1ci se m\u016f\u017eou t\u011b\u0161it na legend\u00e1rn\u00ed i m\u00e9n\u011b zn\u00e1m\u00e9 zna\u010dky \u2013 jmenujme nap\u0159\u00edklad Jaguar, MG, Mercedes-Benz, Austin Healey, DeLorean, Porsche, Ferrari, Maserati, Alfa Romeo nebo Triumph. Nejstar\u0161\u00edm strojem na trati se startovn\u00edm \u010d\u00edslem 1 bude Jaguar MKV saloon z&nbsp;roku 1949, siln\u011b zastoupena jsou 60. a 70. l\u00e9ta minul\u00e9ho stolet\u00ed, kdy\u017e auta vyroben\u00e1 v&nbsp;tomto obdob\u00ed tvo\u0159\u00ed t\u00e9m\u011b\u0159 dv\u011b t\u0159etiny \u00fa\u010dastn\u00edk\u016f.<\/p>\n\n\n\n<p>V\u00edce informac\u00ed v\u010detn\u011b kompletn\u00edho p\u0159ehledu obc\u00ed na trase s&nbsp;\u010dasy pr\u016fjezdu najdete na ofici\u00e1ln\u00edch internetov\u00fdch str\u00e1nk\u00e1ch <a href=\"http:\/\/www.springclassic.cz\">www.springclassic.cz<\/a>.<\/p>\n\n\n\n<p>II. Spring Classic 2021 se kon\u00e1 pod z\u00e1\u0161titou starosty m\u011bsta Jind\u0159ich\u016fv Hradec Ing. Jana Ml\u010d\u00e1ka, MBA.<\/p>\n\n\n\n<p>Foto: <a href=\"https:\/\/www.facebook.com\/ondrejkroutilphoto\" target=\"_blank\" rel=\"noreferrer noopener\">Ond\u0159ej Kroutil<\/a><\/p>\n","protected":false},"excerpt":{"rendered":"<p>Milovn\u00edci klasick\u00fdch voz\u016f si p\u0159ijdou na sv\u00e9 v&nbsp;sobotu 5. \u010dervna. Do malebn\u00fdch lokalit na \u00fazem\u00ed mezi Jind\u0159ichov\u00fdm Hradcem, Pelh\u0159imovem a Tel\u010d\u00ed zav\u00edtaj\u00ed stroje, kter\u00e9 psaly automobilovou historii. Druh\u00fd ro\u010dn\u00edk Spring Classic sem zavede zhruba 90 pos\u00e1dek. Na 235 kilometr\u016f dlouhou trasu za\u010dnou veter\u00e1ny vyr\u00e1\u017eet z&nbsp;centra Jind\u0159ichova Hradce v 10 hodin. Jakmile opust\u00ed n\u00e1m\u011bst\u00ed M\u00edru, \u010dek\u00e1 [&hellip;]<\/p>\n","protected":false},"author":2,"featured_media":8920,"comment_status":"open","ping_status":"open","sticky":false,"template":"","format":"standard","meta":{"_acf_changed":false,"ngg_post_thumbnail":0,"footnotes":""},"categories":[4],"tags":[],"class_list":["post-8921","post","type-post","status-publish","format-standard","has-post-thumbnail","hentry","category-aktuality"],"acf":[],"yoast_head":"<!-- This site is optimized with the Yoast SEO plugin v27.5 - https:\/\/yoast.com\/product\/yoast-seo-wordpress\/ -->\n<title>Veter\u00e1nsk\u00e9 skvosty projedou \u010ceskou Kanadou a okol\u00edm - Spring Classic<\/title>\n<meta name=\"robots\" content=\"index, follow, max-snippet:-1, max-image-preview:large, max-video-preview:-1\" \/>\n<link rel=\"canonical\" href=\"https:\/\/www.springclassic.cz\/de\/2021\/06\/04\/veteranske-skvosty-projedou-ceskou-kanadou-a-okolim\/\" \/>\n<meta property=\"og:locale\" content=\"de_DE\" \/>\n<meta property=\"og:type\" content=\"article\" \/>\n<meta property=\"og:title\" content=\"Veter\u00e1nsk\u00e9 skvosty projedou \u010ceskou Kanadou a okol\u00edm - Spring Classic\" \/>\n<meta property=\"og:description\" content=\"Milovn\u00edci klasick\u00fdch voz\u016f si p\u0159ijdou na sv\u00e9 v&nbsp;sobotu 5. \u010dervna. Do malebn\u00fdch lokalit na \u00fazem\u00ed mezi Jind\u0159ichov\u00fdm Hradcem, Pelh\u0159imovem a Tel\u010d\u00ed zav\u00edtaj\u00ed stroje, kter\u00e9 psaly automobilovou historii. Druh\u00fd ro\u010dn\u00edk Spring Classic sem zavede zhruba 90 pos\u00e1dek. Na 235 kilometr\u016f dlouhou trasu za\u010dnou veter\u00e1ny vyr\u00e1\u017eet z&nbsp;centra Jind\u0159ichova Hradce v 10 hodin. Jakmile opust\u00ed n\u00e1m\u011bst\u00ed M\u00edru, \u010dek\u00e1 [&hellip;]\" \/>\n<meta property=\"og:url\" content=\"https:\/\/www.springclassic.cz\/de\/2021\/06\/04\/veteranske-skvosty-projedou-ceskou-kanadou-a-okolim\/\" \/>\n<meta property=\"og:site_name\" content=\"Spring Classic\" \/>\n<meta property=\"article:author\" content=\"https:\/\/www.facebook.com\/pavel.kacerovsky\" \/>\n<meta property=\"article:published_time\" content=\"2021-06-04T09:02:54+00:00\" \/>\n<meta property=\"article:modified_time\" content=\"2021-06-04T09:02:55+00:00\" \/>\n<meta property=\"og:image\" content=\"https:\/\/www.springclassic.cz\/wp-content\/uploads\/2021\/06\/sc2021_pozvanka.jpg\" \/>\n\t<meta property=\"og:image:width\" content=\"1600\" \/>\n\t<meta property=\"og:image:height\" content=\"1067\" \/>\n\t<meta property=\"og:image:type\" content=\"image\/jpeg\" \/>\n<meta name=\"author\" content=\"Pavel Kacerovsk\u00fd\" \/>\n<meta name=\"twitter:card\" content=\"summary_large_image\" \/>\n<meta name=\"twitter:creator\" content=\"@PavKac\" \/>\n<meta name=\"twitter:label1\" content=\"Verfasst von\" \/>\n\t<meta name=\"twitter:data1\" content=\"Pavel Kacerovsk\u00fd\" \/>\n\t<meta name=\"twitter:label2\" content=\"Gesch\u00e4tzte Lesezeit\" \/>\n\t<meta name=\"twitter:data2\" content=\"1\u00a0Minute\" \/>\n<script type=\"application\/ld+json\" class=\"yoast-schema-graph\">{\"@context\":\"https:\\\/\\\/schema.org\",\"@graph\":[{\"@type\":\"Article\",\"@id\":\"https:\\\/\\\/www.springclassic.cz\\\/de\\\/2021\\\/06\\\/04\\\/veteranske-skvosty-projedou-ceskou-kanadou-a-okolim\\\/#article\",\"isPartOf\":{\"@id\":\"https:\\\/\\\/www.springclassic.cz\\\/de\\\/2021\\\/06\\\/04\\\/veteranske-skvosty-projedou-ceskou-kanadou-a-okolim\\\/\"},\"author\":{\"name\":\"Pavel Kacerovsk\u00fd\",\"@id\":\"https:\\\/\\\/www.springclassic.cz\\\/#\\\/schema\\\/person\\\/38496c9c517f8d2e54d8d1f8ee43bce6\"},\"headline\":\"Veter\u00e1nsk\u00e9 skvosty projedou \u010ceskou Kanadou a okol\u00edm\",\"datePublished\":\"2021-06-04T09:02:54+00:00\",\"dateModified\":\"2021-06-04T09:02:55+00:00\",\"mainEntityOfPage\":{\"@id\":\"https:\\\/\\\/www.springclassic.cz\\\/de\\\/2021\\\/06\\\/04\\\/veteranske-skvosty-projedou-ceskou-kanadou-a-okolim\\\/\"},\"wordCount\":304,\"commentCount\":0,\"image\":{\"@id\":\"https:\\\/\\\/www.springclassic.cz\\\/de\\\/2021\\\/06\\\/04\\\/veteranske-skvosty-projedou-ceskou-kanadou-a-okolim\\\/#primaryimage\"},\"thumbnailUrl\":\"https:\\\/\\\/www.springclassic.cz\\\/wp-content\\\/uploads\\\/2021\\\/06\\\/sc2021_pozvanka.jpg\",\"articleSection\":[\"Aktuality\"],\"inLanguage\":\"de\",\"potentialAction\":[{\"@type\":\"CommentAction\",\"name\":\"Comment\",\"target\":[\"https:\\\/\\\/www.springclassic.cz\\\/de\\\/2021\\\/06\\\/04\\\/veteranske-skvosty-projedou-ceskou-kanadou-a-okolim\\\/#respond\"]}]},{\"@type\":\"WebPage\",\"@id\":\"https:\\\/\\\/www.springclassic.cz\\\/de\\\/2021\\\/06\\\/04\\\/veteranske-skvosty-projedou-ceskou-kanadou-a-okolim\\\/\",\"url\":\"https:\\\/\\\/www.springclassic.cz\\\/de\\\/2021\\\/06\\\/04\\\/veteranske-skvosty-projedou-ceskou-kanadou-a-okolim\\\/\",\"name\":\"Veter\u00e1nsk\u00e9 skvosty projedou \u010ceskou Kanadou a okol\u00edm - Spring Classic\",\"isPartOf\":{\"@id\":\"https:\\\/\\\/www.springclassic.cz\\\/#website\"},\"primaryImageOfPage\":{\"@id\":\"https:\\\/\\\/www.springclassic.cz\\\/de\\\/2021\\\/06\\\/04\\\/veteranske-skvosty-projedou-ceskou-kanadou-a-okolim\\\/#primaryimage\"},\"image\":{\"@id\":\"https:\\\/\\\/www.springclassic.cz\\\/de\\\/2021\\\/06\\\/04\\\/veteranske-skvosty-projedou-ceskou-kanadou-a-okolim\\\/#primaryimage\"},\"thumbnailUrl\":\"https:\\\/\\\/www.springclassic.cz\\\/wp-content\\\/uploads\\\/2021\\\/06\\\/sc2021_pozvanka.jpg\",\"datePublished\":\"2021-06-04T09:02:54+00:00\",\"dateModified\":\"2021-06-04T09:02:55+00:00\",\"author\":{\"@id\":\"https:\\\/\\\/www.springclassic.cz\\\/#\\\/schema\\\/person\\\/38496c9c517f8d2e54d8d1f8ee43bce6\"},\"breadcrumb\":{\"@id\":\"https:\\\/\\\/www.springclassic.cz\\\/de\\\/2021\\\/06\\\/04\\\/veteranske-skvosty-projedou-ceskou-kanadou-a-okolim\\\/#breadcrumb\"},\"inLanguage\":\"de\",\"potentialAction\":[{\"@type\":\"ReadAction\",\"target\":[\"https:\\\/\\\/www.springclassic.cz\\\/de\\\/2021\\\/06\\\/04\\\/veteranske-skvosty-projedou-ceskou-kanadou-a-okolim\\\/\"]}]},{\"@type\":\"ImageObject\",\"inLanguage\":\"de\",\"@id\":\"https:\\\/\\\/www.springclassic.cz\\\/de\\\/2021\\\/06\\\/04\\\/veteranske-skvosty-projedou-ceskou-kanadou-a-okolim\\\/#primaryimage\",\"url\":\"https:\\\/\\\/www.springclassic.cz\\\/wp-content\\\/uploads\\\/2021\\\/06\\\/sc2021_pozvanka.jpg\",\"contentUrl\":\"https:\\\/\\\/www.springclassic.cz\\\/wp-content\\\/uploads\\\/2021\\\/06\\\/sc2021_pozvanka.jpg\",\"width\":1600,\"height\":1067},{\"@type\":\"BreadcrumbList\",\"@id\":\"https:\\\/\\\/www.springclassic.cz\\\/de\\\/2021\\\/06\\\/04\\\/veteranske-skvosty-projedou-ceskou-kanadou-a-okolim\\\/#breadcrumb\",\"itemListElement\":[{\"@type\":\"ListItem\",\"position\":1,\"name\":\"Dom\u016f\",\"item\":\"https:\\\/\\\/www.springclassic.cz\\\/\"},{\"@type\":\"ListItem\",\"position\":2,\"name\":\"Veter\u00e1nsk\u00e9 skvosty projedou \u010ceskou Kanadou a okol\u00edm\"}]},{\"@type\":\"WebSite\",\"@id\":\"https:\\\/\\\/www.springclassic.cz\\\/#website\",\"url\":\"https:\\\/\\\/www.springclassic.cz\\\/\",\"name\":\"Spring Classic\",\"description\":\"Spring Classic\",\"potentialAction\":[{\"@type\":\"SearchAction\",\"target\":{\"@type\":\"EntryPoint\",\"urlTemplate\":\"https:\\\/\\\/www.springclassic.cz\\\/?s={search_term_string}\"},\"query-input\":{\"@type\":\"PropertyValueSpecification\",\"valueRequired\":true,\"valueName\":\"search_term_string\"}}],\"inLanguage\":\"de\"},{\"@type\":\"Person\",\"@id\":\"https:\\\/\\\/www.springclassic.cz\\\/#\\\/schema\\\/person\\\/38496c9c517f8d2e54d8d1f8ee43bce6\",\"name\":\"Pavel Kacerovsk\u00fd\",\"image\":{\"@type\":\"ImageObject\",\"inLanguage\":\"de\",\"@id\":\"https:\\\/\\\/secure.gravatar.com\\\/avatar\\\/f96c2ff6621ff743bc952660594123e03b9f87637dc4114505e8de6bf2112c65?s=96&d=mm&r=g\",\"url\":\"https:\\\/\\\/secure.gravatar.com\\\/avatar\\\/f96c2ff6621ff743bc952660594123e03b9f87637dc4114505e8de6bf2112c65?s=96&d=mm&r=g\",\"contentUrl\":\"https:\\\/\\\/secure.gravatar.com\\\/avatar\\\/f96c2ff6621ff743bc952660594123e03b9f87637dc4114505e8de6bf2112c65?s=96&d=mm&r=g\",\"caption\":\"Pavel Kacerovsk\u00fd\"},\"sameAs\":[\"http:\\\/\\\/www.ckmotorsport.cz\",\"https:\\\/\\\/www.facebook.com\\\/pavel.kacerovsky\",\"https:\\\/\\\/x.com\\\/PavKac\"],\"url\":\"https:\\\/\\\/www.springclassic.cz\\\/de\\\/author\\\/pavel\\\/\"}]}<\/script>\n<!-- \/ Yoast SEO plugin. -->","yoast_head_json":{"title":"Veter\u00e1nsk\u00e9 skvosty projedou \u010ceskou Kanadou a okol\u00edm - Spring Classic","robots":{"index":"index","follow":"follow","max-snippet":"max-snippet:-1","max-image-preview":"max-image-preview:large","max-video-preview":"max-video-preview:-1"},"canonical":"https:\/\/www.springclassic.cz\/de\/2021\/06\/04\/veteranske-skvosty-projedou-ceskou-kanadou-a-okolim\/","og_locale":"de_DE","og_type":"article","og_title":"Veter\u00e1nsk\u00e9 skvosty projedou \u010ceskou Kanadou a okol\u00edm - Spring Classic","og_description":"Milovn\u00edci klasick\u00fdch voz\u016f si p\u0159ijdou na sv\u00e9 v&nbsp;sobotu 5. \u010dervna. Do malebn\u00fdch lokalit na \u00fazem\u00ed mezi Jind\u0159ichov\u00fdm Hradcem, Pelh\u0159imovem a Tel\u010d\u00ed zav\u00edtaj\u00ed stroje, kter\u00e9 psaly automobilovou historii. Druh\u00fd ro\u010dn\u00edk Spring Classic sem zavede zhruba 90 pos\u00e1dek. Na 235 kilometr\u016f dlouhou trasu za\u010dnou veter\u00e1ny vyr\u00e1\u017eet z&nbsp;centra Jind\u0159ichova Hradce v 10 hodin. Jakmile opust\u00ed n\u00e1m\u011bst\u00ed M\u00edru, \u010dek\u00e1 [&hellip;]","og_url":"https:\/\/www.springclassic.cz\/de\/2021\/06\/04\/veteranske-skvosty-projedou-ceskou-kanadou-a-okolim\/","og_site_name":"Spring Classic","article_author":"https:\/\/www.facebook.com\/pavel.kacerovsky","article_published_time":"2021-06-04T09:02:54+00:00","article_modified_time":"2021-06-04T09:02:55+00:00","og_image":[{"width":1600,"height":1067,"url":"https:\/\/www.springclassic.cz\/wp-content\/uploads\/2021\/06\/sc2021_pozvanka.jpg","type":"image\/jpeg"}],"author":"Pavel Kacerovsk\u00fd","twitter_card":"summary_large_image","twitter_creator":"@PavKac","twitter_misc":{"Verfasst von":"Pavel Kacerovsk\u00fd","Gesch\u00e4tzte Lesezeit":"1\u00a0Minute"},"schema":{"@context":"https:\/\/schema.org","@graph":[{"@type":"Article","@id":"https:\/\/www.springclassic.cz\/de\/2021\/06\/04\/veteranske-skvosty-projedou-ceskou-kanadou-a-okolim\/#article","isPartOf":{"@id":"https:\/\/www.springclassic.cz\/de\/2021\/06\/04\/veteranske-skvosty-projedou-ceskou-kanadou-a-okolim\/"},"author":{"name":"Pavel Kacerovsk\u00fd","@id":"https:\/\/www.springclassic.cz\/#\/schema\/person\/38496c9c517f8d2e54d8d1f8ee43bce6"},"headline":"Veter\u00e1nsk\u00e9 skvosty projedou \u010ceskou Kanadou a okol\u00edm","datePublished":"2021-06-04T09:02:54+00:00","dateModified":"2021-06-04T09:02:55+00:00","mainEntityOfPage":{"@id":"https:\/\/www.springclassic.cz\/de\/2021\/06\/04\/veteranske-skvosty-projedou-ceskou-kanadou-a-okolim\/"},"wordCount":304,"commentCount":0,"image":{"@id":"https:\/\/www.springclassic.cz\/de\/2021\/06\/04\/veteranske-skvosty-projedou-ceskou-kanadou-a-okolim\/#primaryimage"},"thumbnailUrl":"https:\/\/www.springclassic.cz\/wp-content\/uploads\/2021\/06\/sc2021_pozvanka.jpg","articleSection":["Aktuality"],"inLanguage":"de","potentialAction":[{"@type":"CommentAction","name":"Comment","target":["https:\/\/www.springclassic.cz\/de\/2021\/06\/04\/veteranske-skvosty-projedou-ceskou-kanadou-a-okolim\/#respond"]}]},{"@type":"WebPage","@id":"https:\/\/www.springclassic.cz\/de\/2021\/06\/04\/veteranske-skvosty-projedou-ceskou-kanadou-a-okolim\/","url":"https:\/\/www.springclassic.cz\/de\/2021\/06\/04\/veteranske-skvosty-projedou-ceskou-kanadou-a-okolim\/","name":"Veter\u00e1nsk\u00e9 skvosty projedou \u010ceskou Kanadou a okol\u00edm - Spring Classic","isPartOf":{"@id":"https:\/\/www.springclassic.cz\/#website"},"primaryImageOfPage":{"@id":"https:\/\/www.springclassic.cz\/de\/2021\/06\/04\/veteranske-skvosty-projedou-ceskou-kanadou-a-okolim\/#primaryimage"},"image":{"@id":"https:\/\/www.springclassic.cz\/de\/2021\/06\/04\/veteranske-skvosty-projedou-ceskou-kanadou-a-okolim\/#primaryimage"},"thumbnailUrl":"https:\/\/www.springclassic.cz\/wp-content\/uploads\/2021\/06\/sc2021_pozvanka.jpg","datePublished":"2021-06-04T09:02:54+00:00","dateModified":"2021-06-04T09:02:55+00:00","author":{"@id":"https:\/\/www.springclassic.cz\/#\/schema\/person\/38496c9c517f8d2e54d8d1f8ee43bce6"},"breadcrumb":{"@id":"https:\/\/www.springclassic.cz\/de\/2021\/06\/04\/veteranske-skvosty-projedou-ceskou-kanadou-a-okolim\/#breadcrumb"},"inLanguage":"de","potentialAction":[{"@type":"ReadAction","target":["https:\/\/www.springclassic.cz\/de\/2021\/06\/04\/veteranske-skvosty-projedou-ceskou-kanadou-a-okolim\/"]}]},{"@type":"ImageObject","inLanguage":"de","@id":"https:\/\/www.springclassic.cz\/de\/2021\/06\/04\/veteranske-skvosty-projedou-ceskou-kanadou-a-okolim\/#primaryimage","url":"https:\/\/www.springclassic.cz\/wp-content\/uploads\/2021\/06\/sc2021_pozvanka.jpg","contentUrl":"https:\/\/www.springclassic.cz\/wp-content\/uploads\/2021\/06\/sc2021_pozvanka.jpg","width":1600,"height":1067},{"@type":"BreadcrumbList","@id":"https:\/\/www.springclassic.cz\/de\/2021\/06\/04\/veteranske-skvosty-projedou-ceskou-kanadou-a-okolim\/#breadcrumb","itemListElement":[{"@type":"ListItem","position":1,"name":"Dom\u016f","item":"https:\/\/www.springclassic.cz\/"},{"@type":"ListItem","position":2,"name":"Veter\u00e1nsk\u00e9 skvosty projedou \u010ceskou Kanadou a okol\u00edm"}]},{"@type":"WebSite","@id":"https:\/\/www.springclassic.cz\/#website","url":"https:\/\/www.springclassic.cz\/","name":"Spring Classic","description":"Spring Classic","potentialAction":[{"@type":"SearchAction","target":{"@type":"EntryPoint","urlTemplate":"https:\/\/www.springclassic.cz\/?s={search_term_string}"},"query-input":{"@type":"PropertyValueSpecification","valueRequired":true,"valueName":"search_term_string"}}],"inLanguage":"de"},{"@type":"Person","@id":"https:\/\/www.springclassic.cz\/#\/schema\/person\/38496c9c517f8d2e54d8d1f8ee43bce6","name":"Pavel Kacerovsk\u00fd","image":{"@type":"ImageObject","inLanguage":"de","@id":"https:\/\/secure.gravatar.com\/avatar\/f96c2ff6621ff743bc952660594123e03b9f87637dc4114505e8de6bf2112c65?s=96&d=mm&r=g","url":"https:\/\/secure.gravatar.com\/avatar\/f96c2ff6621ff743bc952660594123e03b9f87637dc4114505e8de6bf2112c65?s=96&d=mm&r=g","contentUrl":"https:\/\/secure.gravatar.com\/avatar\/f96c2ff6621ff743bc952660594123e03b9f87637dc4114505e8de6bf2112c65?s=96&d=mm&r=g","caption":"Pavel Kacerovsk\u00fd"},"sameAs":["http:\/\/www.ckmotorsport.cz","https:\/\/www.facebook.com\/pavel.kacerovsky","https:\/\/x.com\/PavKac"],"url":"https:\/\/www.springclassic.cz\/de\/author\/pavel\/"}]}},"_links":{"self":[{"href":"https:\/\/www.springclassic.cz\/de\/wp-json\/wp\/v2\/posts\/8921","targetHints":{"allow":["GET"]}}],"collection":[{"href":"https:\/\/www.springclassic.cz\/de\/wp-json\/wp\/v2\/posts"}],"about":[{"href":"https:\/\/www.springclassic.cz\/de\/wp-json\/wp\/v2\/types\/post"}],"author":[{"embeddable":true,"href":"https:\/\/www.springclassic.cz\/de\/wp-json\/wp\/v2\/users\/2"}],"replies":[{"embeddable":true,"href":"https:\/\/www.springclassic.cz\/de\/wp-json\/wp\/v2\/comments?post=8921"}],"version-history":[{"count":1,"href":"https:\/\/www.springclassic.cz\/de\/wp-json\/wp\/v2\/posts\/8921\/revisions"}],"predecessor-version":[{"id":8922,"href":"https:\/\/www.springclassic.cz\/de\/wp-json\/wp\/v2\/posts\/8921\/revisions\/8922"}],"wp:featuredmedia":[{"embeddable":true,"href":"https:\/\/www.springclassic.cz\/de\/wp-json\/wp\/v2\/media\/8920"}],"wp:attachment":[{"href":"https:\/\/www.springclassic.cz\/de\/wp-json\/wp\/v2\/media?parent=8921"}],"wp:term":[{"taxonomy":"category","embeddable":true,"href":"https:\/\/www.springclassic.cz\/de\/wp-json\/wp\/v2\/categories?post=8921"},{"taxonomy":"post_tag","embeddable":true,"href":"https:\/\/www.springclassic.cz\/de\/wp-json\/wp\/v2\/tags?post=8921"}],"curies":[{"name":"wp","href":"https:\/\/api.w.org\/{rel}","templated":true}]}}